{"id":2047,"date":"2026-04-27T09:52:35","date_gmt":"2026-04-27T12:52:35","guid":{"rendered":"https:\/\/oparauapebense.com.br\/?p=2047"},"modified":"2026-04-27T09:53:07","modified_gmt":"2026-04-27T12:53:07","slug":"vereadora-graciele-brito-apresenta-propostas-para-educacao-emprego-e-infraestrutura-em-parauapebas","status":"publish","type":"post","link":"https:\/\/oparauapebense.com.br\/pt_br\/2026\/04\/27\/vereadora-graciele-brito-apresenta-propostas-para-educacao-emprego-e-infraestrutura-em-parauapebas\/","title":{"rendered":"Vereadora Graciele Brito apresenta propostas para educa\u00e7\u00e3o, emprego e infraestrutura em Parauapebas"},"content":{"rendered":"<p style=\"text-align: justify;\">A vereadora Graciele Brito (Uni\u00e3o Brasil) apresentou, na C\u00e2mara Municipal de Parauapebas, um conjunto de propostas voltadas ao fortalecimento da educa\u00e7\u00e3o, gera\u00e7\u00e3o de emprego e melhoria da infraestrutura urbana no munic\u00edpio.<\/p>\n<p style=\"text-align: justify;\">Entre os destaques est\u00e1 o Projeto de Lei n\u00ba 159\/2026, que institui a Pol\u00edtica Municipal de Informa\u00e7\u00f5es sobre a Infraestrutura da Rede Municipal de Educa\u00e7\u00e3o, denominada INFOEduca Parauapebas. A proposta tem como objetivo criar um sistema organizado para reunir dados sobre as condi\u00e7\u00f5es estruturais das escolas da rede municipal, permitindo melhor planejamento, prioriza\u00e7\u00e3o de investimentos e mais transpar\u00eancia na aplica\u00e7\u00e3o de recursos p\u00fablicos.<\/p>\n<p style=\"text-align: justify;\">Segundo a justificativa do projeto, a aus\u00eancia de um banco de dados centralizado dificulta a\u00e7\u00f5es preventivas e leva, muitas vezes, a medidas emergenciais mais caras e menos eficientes. A iniciativa tamb\u00e9m prev\u00ea a participa\u00e7\u00e3o da comunidade escolar e a possibilidade de divulga\u00e7\u00e3o p\u00fablica das informa\u00e7\u00f5es.<\/p>\n<p style=\"text-align: justify;\">Al\u00e9m do projeto de lei, a parlamentar apresentou a Indica\u00e7\u00e3o n\u00ba 255\/2026, que sugere ao Poder Executivo a ades\u00e3o ao programa \u201cSeja PRO + Trabalho e Emprego\u201d. A proposta busca ampliar a qualifica\u00e7\u00e3o profissional no munic\u00edpio, especialmente para jovens e adultos que n\u00e3o conclu\u00edram o ensino b\u00e1sico. O programa integra educa\u00e7\u00e3o e forma\u00e7\u00e3o profissional, permitindo que o cidad\u00e3o estude e se qualifique ao mesmo tempo, facilitando o acesso ao mercado de trabalho.<\/p>\n<p style=\"text-align: justify;\">De acordo com a vereadora, a medida pode contribuir para reduzir o desemprego, aumentar a renda das fam\u00edlias e atender \u00e0 demanda por m\u00e3o de obra qualificada em setores da economia local.<\/p>\n<p style=\"text-align: justify;\">J\u00e1 na \u00e1rea de infraestrutura urbana, a Indica\u00e7\u00e3o n\u00ba 256\/2026 solicita a revitaliza\u00e7\u00e3o, amplia\u00e7\u00e3o e refor\u00e7o da ilumina\u00e7\u00e3o p\u00fablica no Complexo Tur\u00edstico de Parauapebas, incluindo \u00e1reas pr\u00f3ximas \u00e0 Prefeitura. A proposta destaca que a ilumina\u00e7\u00e3o atual \u00e9 considerada insuficiente, comprometendo a seguran\u00e7a, a mobilidade e o uso do espa\u00e7o, especialmente no per\u00edodo noturno.<\/p>\n<p style=\"text-align: justify;\">A justificativa aponta que o local \u00e9 amplamente utilizado por moradores para lazer, pr\u00e1tica de atividades f\u00edsicas e conviv\u00eancia social, e que a melhoria da ilumina\u00e7\u00e3o pode contribuir para a seguran\u00e7a p\u00fablica, valoriza\u00e7\u00e3o do espa\u00e7o e qualidade de vida da popula\u00e7\u00e3o.<\/p>\n<p style=\"text-align: justify;\">As propostas seguem para an\u00e1lise e delibera\u00e7\u00e3o do Legislativo municipal e, no caso das indica\u00e7\u00f5es, poder\u00e3o ser encaminhadas ao Poder Executivo para avalia\u00e7\u00e3o e poss\u00edvel implementa\u00e7\u00e3o.<\/p>\n","protected":false},"excerpt":{"rendered":"<p>A vereadora Graciele Brito (Uni\u00e3o Brasil) apresentou, na C\u00e2mara Municipal de Parauapebas, um conjunto de propostas voltadas ao<\/p>\n","protected":false},"author":1,"featured_media":2048,"comment_status":"open","ping_status":"open","sticky":false,"template":"","format":"standard","meta":{"_jetpack_memberships_contains_paid_content":false,"footnotes":""},"categories":[18],"tags":[],"class_list":["post-2047","post","type-post","status-publish","format-standard","has-post-thumbnail","hentry","category-politica-2"],"jetpack_featured_media_url":"https:\/\/oparauapebense.com.br\/wp-content\/uploads\/2026\/04\/WhatsApp-Image-2026-04-27-at-09.50.41.jpeg","jetpack_sharing_enabled":true,"_links":{"self":[{"href":"https:\/\/oparauapebense.com.br\/pt_br\/wp-json\/wp\/v2\/posts\/2047","targetHints":{"allow":["GET"]}}],"collection":[{"href":"https:\/\/oparauapebense.com.br\/pt_br\/wp-json\/wp\/v2\/posts"}],"about":[{"href":"https:\/\/oparauapebense.com.br\/pt_br\/wp-json\/wp\/v2\/types\/post"}],"author":[{"embeddable":true,"href":"https:\/\/oparauapebense.com.br\/pt_br\/wp-json\/wp\/v2\/users\/1"}],"replies":[{"embeddable":true,"href":"https:\/\/oparauapebense.com.br\/pt_br\/wp-json\/wp\/v2\/comments?post=2047"}],"version-history":[{"count":2,"href":"https:\/\/oparauapebense.com.br\/pt_br\/wp-json\/wp\/v2\/posts\/2047\/revisions"}],"predecessor-version":[{"id":2050,"href":"https:\/\/oparauapebense.com.br\/pt_br\/wp-json\/wp\/v2\/posts\/2047\/revisions\/2050"}],"wp:featuredmedia":[{"embeddable":true,"href":"https:\/\/oparauapebense.com.br\/pt_br\/wp-json\/wp\/v2\/media\/2048"}],"wp:attachment":[{"href":"https:\/\/oparauapebense.com.br\/pt_br\/wp-json\/wp\/v2\/media?parent=2047"}],"wp:term":[{"taxonomy":"category","embeddable":true,"href":"https:\/\/oparauapebense.com.br\/pt_br\/wp-json\/wp\/v2\/categories?post=2047"},{"taxonomy":"post_tag","embeddable":true,"href":"https:\/\/oparauapebense.com.br\/pt_br\/wp-json\/wp\/v2\/tags?post=2047"}],"curies":[{"name":"wp","href":"https:\/\/api.w.org\/{rel}","templated":true}]}}