{"id":2051,"date":"2026-04-27T10:00:16","date_gmt":"2026-04-27T13:00:16","guid":{"rendered":"https:\/\/oparauapebense.com.br\/?p=2051"},"modified":"2026-04-27T10:00:16","modified_gmt":"2026-04-27T13:00:16","slug":"gracyanne-surpreende-ao-reverter-procedimento-estetico-no-rosto","status":"publish","type":"post","link":"https:\/\/oparauapebense.com.br\/pt_br\/2026\/04\/27\/gracyanne-surpreende-ao-reverter-procedimento-estetico-no-rosto\/","title":{"rendered":"Gracyanne surpreende ao reverter procedimento est\u00e9tico no rosto"},"content":{"rendered":"<p><img fetchpriority=\"high\" decoding=\"async\" class=\"aligncenter wp-image-2052 size-full\" src=\"https:\/\/oparauapebense.com.br\/wp-content\/uploads\/2026\/04\/gr.webp\" alt=\"\" width=\"760\" height=\"398\" srcset=\"https:\/\/oparauapebense.com.br\/wp-content\/uploads\/2026\/04\/gr.webp 760w, https:\/\/oparauapebense.com.br\/wp-content\/uploads\/2026\/04\/gr-300x157.webp 300w, https:\/\/oparauapebense.com.br\/wp-content\/uploads\/2026\/04\/gr-18x9.webp 18w\" sizes=\"(max-width: 760px) 100vw, 760px\" \/><\/p>\n<p style=\"text-align: justify;\">Quem viu Gracyanne Barbosa no Arnold Sports Festival, em S\u00e3o Paulo, neste final de semana, notou algo diferente no rosto da influenciadora. Por tr\u00e1s da mudan\u00e7a, h\u00e1 uma hist\u00f3ria de autoconhecimento e de escolhas mais conscientes sobre a pr\u00f3pria apar\u00eancia.<\/p>\n<p style=\"text-align: justify;\">Gracyanne chamou aten\u00e7\u00e3o ao exibir um semblante visivelmente mais suave e natural. Em entrevista ao portal LeoDias, ela explicou a raz\u00e3o da mudan\u00e7a no rosto.<\/p>\n<h2 style=\"text-align: justify;\">Processo gradual come\u00e7ou logo ap\u00f3s o BBB<\/h2>\n<p style=\"text-align: justify;\">A revers\u00e3o dos procedimentos n\u00e3o foi uma decis\u00e3o repentina. Na verdade, Gracyanne iniciou o processo ainda em 2025, logo depois de deixar o confinamento do Big Brother Brasil.<\/p>\n<p style=\"text-align: justify;\">Desde ent\u00e3o, ela mant\u00e9m uma rotina de tratamentos voltados \u00e0 sa\u00fade da pele.<\/p>\n<p style=\"text-align: justify;\">&#8220;Comecei a retirar logo depois que sa\u00ed do BBB e, com isso, venho fazendo tratamentos e cuidando da pele. Antes, era bem relaxada, s\u00f3 usava protetor solar. Agora tomo vitaminas, cuido do melasma, e isso tem melhorado muito&#8221;, contou.<\/p>\n<p style=\"text-align: justify;\">A musa fitness destacou ainda que a mudan\u00e7a n\u00e3o partiu de uma insatisfa\u00e7\u00e3o intensa, mas de uma escolha positiva. Ela explicou que quis aproveitar o que h\u00e1 de melhor no mercado est\u00e9tico atual.<\/p>\n<p style=\"text-align: justify;\">Al\u00e9m disso, expressou gratid\u00e3o pelo acesso a bons profissionais e tratamentos modernos.Atualmente, a rotina de cuidados de Gracyanne inclui:<\/p>\n<ul style=\"text-align: justify;\">\n<li>Ingest\u00e3o de vitaminas para sa\u00fade da pele;<\/li>\n<li>Tratamento espec\u00edfico para melasma;<\/li>\n<li>Uso consistente de protetor solar;<\/li>\n<li>Procedimentos est\u00e9ticos preventivos com profissionais especializados.<\/li>\n<\/ul>\n<h2 style=\"text-align: justify;\">Relacionamento potencializa disciplina<\/h2>\n<p style=\"text-align: justify;\">Al\u00e9m do cuidado com a apar\u00eancia, a vida pessoal de Gracyanne tamb\u00e9m passa por um momento positivo. O namoro com o ator Gabriel Cardoso tem fortalecido sua disciplina com a alimenta\u00e7\u00e3o e os treinos.<\/p>\n<div class=\"dol-anuncio2\" style=\"text-align: justify;\">\n<p>Segundo ela, ter um parceiro com o mesmo estilo de vida faz toda a diferen\u00e7a na rotina.<\/p>\n<p>&#8220;O Gabriel tamb\u00e9m se alimenta muito bem. Na nossa rela\u00e7\u00e3o, isso tem sido incr\u00edvel, porque voc\u00ea est\u00e1 com uma pessoa que tem o mesmo estilo de vida e que te acompanha. Isso torna tudo mais gostoso e mais f\u00e1cil&#8221;, celebrou a influenciadora.<\/p>\n<p>O casal compartilha h\u00e1bitos que refor\u00e7am a parceria dentro e fora da academia:<\/p>\n<ul>\n<li>Refei\u00e7\u00f5es preparadas juntos em casa;<\/li>\n<li>Treinos realizados em dupla;<\/li>\n<li>Dieta alinhada entre os dois.<\/li>\n<\/ul>\n<p>Para Gracyanne, essa sintonia representa um ganho real na qualidade de vida.<\/p>\n<div class=\"dol-anuncio2\"><\/div>\n<\/div>\n<p style=\"text-align: justify;\">\n","protected":false},"excerpt":{"rendered":"<p>Quem viu Gracyanne Barbosa no Arnold Sports Festival, em S\u00e3o Paulo, neste final de semana, notou algo diferente<\/p>\n","protected":false},"author":1,"featured_media":2052,"comment_status":"open","ping_status":"open","sticky":false,"template":"","format":"standard","meta":{"_jetpack_memberships_contains_paid_content":false,"footnotes":""},"categories":[42],"tags":[],"class_list":["post-2051","post","type-post","status-publish","format-standard","has-post-thumbnail","hentry","category-entretenimento"],"jetpack_featured_media_url":"https:\/\/oparauapebense.com.br\/wp-content\/uploads\/2026\/04\/gr.webp","jetpack_sharing_enabled":true,"_links":{"self":[{"href":"https:\/\/oparauapebense.com.br\/pt_br\/wp-json\/wp\/v2\/posts\/2051","targetHints":{"allow":["GET"]}}],"collection":[{"href":"https:\/\/oparauapebense.com.br\/pt_br\/wp-json\/wp\/v2\/posts"}],"about":[{"href":"https:\/\/oparauapebense.com.br\/pt_br\/wp-json\/wp\/v2\/types\/post"}],"author":[{"embeddable":true,"href":"https:\/\/oparauapebense.com.br\/pt_br\/wp-json\/wp\/v2\/users\/1"}],"replies":[{"embeddable":true,"href":"https:\/\/oparauapebense.com.br\/pt_br\/wp-json\/wp\/v2\/comments?post=2051"}],"version-history":[{"count":1,"href":"https:\/\/oparauapebense.com.br\/pt_br\/wp-json\/wp\/v2\/posts\/2051\/revisions"}],"predecessor-version":[{"id":2054,"href":"https:\/\/oparauapebense.com.br\/pt_br\/wp-json\/wp\/v2\/posts\/2051\/revisions\/2054"}],"wp:featuredmedia":[{"embeddable":true,"href":"https:\/\/oparauapebense.com.br\/pt_br\/wp-json\/wp\/v2\/media\/2052"}],"wp:attachment":[{"href":"https:\/\/oparauapebense.com.br\/pt_br\/wp-json\/wp\/v2\/media?parent=2051"}],"wp:term":[{"taxonomy":"category","embeddable":true,"href":"https:\/\/oparauapebense.com.br\/pt_br\/wp-json\/wp\/v2\/categories?post=2051"},{"taxonomy":"post_tag","embeddable":true,"href":"https:\/\/oparauapebense.com.br\/pt_br\/wp-json\/wp\/v2\/tags?post=2051"}],"curies":[{"name":"wp","href":"https:\/\/api.w.org\/{rel}","templated":true}]}}