{"id":2055,"date":"2026-04-27T10:13:57","date_gmt":"2026-04-27T13:13:57","guid":{"rendered":"https:\/\/oparauapebense.com.br\/?p=2055"},"modified":"2026-04-27T10:13:57","modified_gmt":"2026-04-27T13:13:57","slug":"condutor-foge-apos-colisao-deixar-motociclista-com-fratura-exposta-no-bairro-da-paz","status":"publish","type":"post","link":"https:\/\/oparauapebense.com.br\/pt_br\/2026\/04\/27\/condutor-foge-apos-colisao-deixar-motociclista-com-fratura-exposta-no-bairro-da-paz\/","title":{"rendered":"Condutor foge ap\u00f3s colis\u00e3o deixar motociclista com fratura exposta no Bairro da Paz"},"content":{"rendered":"<p>Na madrugada de s\u00e1bado (25), um grave acidente de tr\u00e2nsito foi registrado no Bairro da Paz, em Parauapebas, envolvendo um carro de passeio e uma motocicleta. O caso ocorreu em um cruzamento da Rua Marab\u00e1, pr\u00f3ximo a um sem\u00e1foro.<\/p>\n<p>De acordo com informa\u00e7\u00f5es de uma Pol\u00edcia Militar que realizava rondas na regi\u00e3o, populares acionaram a equipe ap\u00f3s presenciarem a colis\u00e3o entre um Honda HRV prata (placa SZQ2H92) e uma motocicleta Honda Titan de cor vinho (placa NWS1042).<br \/>\nAo chegar ao local, os policiais constataram que o condutor do ve\u00edculo Honda HRV j\u00e1 havia fugido. J\u00e1 o motociclista apresentava uma fratura exposta na perna direita.<br \/>\nO Servi\u00e7o de Atendimento M\u00f3vel de Urg\u00eancia (SAMU) foi acionado e prestou os primeiros socorros \u00e0 v\u00edtima, que foi encaminhada para o hospital.<\/p>\n<figure id=\"attachment_300333\" class=\"wp-caption aligncenter\" aria-describedby=\"caption-attachment-300333\"><img fetchpriority=\"high\" decoding=\"async\" class=\"wp-image-300333 size-large\" src=\"https:\/\/correiodecarajas.com.br\/wp-content\/uploads\/2026\/04\/WhatsApp-Image-2026-04-26-at-09.04.54-768x1024.jpeg\" sizes=\"(max-width: 768px) 100vw, 768px\" srcset=\"https:\/\/correiodecarajas.com.br\/wp-content\/uploads\/2026\/04\/WhatsApp-Image-2026-04-26-at-09.04.54-768x1024.jpeg 768w, https:\/\/correiodecarajas.com.br\/wp-content\/uploads\/2026\/04\/WhatsApp-Image-2026-04-26-at-09.04.54-225x300.jpeg 225w, https:\/\/correiodecarajas.com.br\/wp-content\/uploads\/2026\/04\/WhatsApp-Image-2026-04-26-at-09.04.54-1152x1536.jpeg 1152w, https:\/\/correiodecarajas.com.br\/wp-content\/uploads\/2026\/04\/WhatsApp-Image-2026-04-26-at-09.04.54.jpeg 1200w\" alt=\"\" width=\"768\" height=\"1024\" \/><figcaption id=\"caption-attachment-300333\" class=\"wp-caption-text\">A moto envolvida na colis\u00e3o ficou bastante danificada<\/figcaption><\/figure>\n<p>Os ve\u00edculos envolvidos foram periciados e a pol\u00edcia busca agora identificar o propriet\u00e1rio do autom\u00f3vel atrav\u00e9s da placa.<\/p>\n","protected":false},"excerpt":{"rendered":"<p>Na madrugada de s\u00e1bado (25), um grave acidente de tr\u00e2nsito foi registrado no Bairro da Paz, em Parauapebas,<\/p>\n","protected":false},"author":1,"featured_media":2056,"comment_status":"open","ping_status":"open","sticky":false,"template":"","format":"standard","meta":{"_jetpack_memberships_contains_paid_content":false,"footnotes":""},"categories":[16],"tags":[],"class_list":["post-2055","post","type-post","status-publish","format-standard","has-post-thumbnail","hentry","category-parauapebas"],"jetpack_featured_media_url":"https:\/\/oparauapebense.com.br\/wp-content\/uploads\/2026\/04\/ba.webp","jetpack_sharing_enabled":true,"_links":{"self":[{"href":"https:\/\/oparauapebense.com.br\/pt_br\/wp-json\/wp\/v2\/posts\/2055","targetHints":{"allow":["GET"]}}],"collection":[{"href":"https:\/\/oparauapebense.com.br\/pt_br\/wp-json\/wp\/v2\/posts"}],"about":[{"href":"https:\/\/oparauapebense.com.br\/pt_br\/wp-json\/wp\/v2\/types\/post"}],"author":[{"embeddable":true,"href":"https:\/\/oparauapebense.com.br\/pt_br\/wp-json\/wp\/v2\/users\/1"}],"replies":[{"embeddable":true,"href":"https:\/\/oparauapebense.com.br\/pt_br\/wp-json\/wp\/v2\/comments?post=2055"}],"version-history":[{"count":1,"href":"https:\/\/oparauapebense.com.br\/pt_br\/wp-json\/wp\/v2\/posts\/2055\/revisions"}],"predecessor-version":[{"id":2057,"href":"https:\/\/oparauapebense.com.br\/pt_br\/wp-json\/wp\/v2\/posts\/2055\/revisions\/2057"}],"wp:featuredmedia":[{"embeddable":true,"href":"https:\/\/oparauapebense.com.br\/pt_br\/wp-json\/wp\/v2\/media\/2056"}],"wp:attachment":[{"href":"https:\/\/oparauapebense.com.br\/pt_br\/wp-json\/wp\/v2\/media?parent=2055"}],"wp:term":[{"taxonomy":"category","embeddable":true,"href":"https:\/\/oparauapebense.com.br\/pt_br\/wp-json\/wp\/v2\/categories?post=2055"},{"taxonomy":"post_tag","embeddable":true,"href":"https:\/\/oparauapebense.com.br\/pt_br\/wp-json\/wp\/v2\/tags?post=2055"}],"curies":[{"name":"wp","href":"https:\/\/api.w.org\/{rel}","templated":true}]}}