{"id":2064,"date":"2026-04-28T19:04:19","date_gmt":"2026-04-28T22:04:19","guid":{"rendered":"https:\/\/oparauapebense.com.br\/?p=2064"},"modified":"2026-04-28T19:04:19","modified_gmt":"2026-04-28T22:04:19","slug":"deputado-federal-keniston-braga-recebe-reitora-da-ufra-e-garante-r-500-mil-para-fortalecer-a-universidade","status":"publish","type":"post","link":"https:\/\/oparauapebense.com.br\/pt_br\/2026\/04\/28\/deputado-federal-keniston-braga-recebe-reitora-da-ufra-e-garante-r-500-mil-para-fortalecer-a-universidade\/","title":{"rendered":"Deputado federal Keniston Braga recebe reitora da UFRA e garante R$ 500 mil para fortalecer a universidade"},"content":{"rendered":"<p data-start=\"0\" data-end=\"232\"><img fetchpriority=\"high\" decoding=\"async\" class=\"aligncenter wp-image-2066 size-large\" src=\"https:\/\/oparauapebense.com.br\/wp-content\/uploads\/2026\/04\/IMG_5352-1024x576.jpeg\" alt=\"\" width=\"640\" height=\"360\" srcset=\"https:\/\/oparauapebense.com.br\/wp-content\/uploads\/2026\/04\/IMG_5352-1024x576.jpeg 1024w, https:\/\/oparauapebense.com.br\/wp-content\/uploads\/2026\/04\/IMG_5352-300x169.jpeg 300w, https:\/\/oparauapebense.com.br\/wp-content\/uploads\/2026\/04\/IMG_5352-768x432.jpeg 768w, https:\/\/oparauapebense.com.br\/wp-content\/uploads\/2026\/04\/IMG_5352-1536x864.jpeg 1536w, https:\/\/oparauapebense.com.br\/wp-content\/uploads\/2026\/04\/IMG_5352-2048x1152.jpeg 2048w, https:\/\/oparauapebense.com.br\/wp-content\/uploads\/2026\/04\/IMG_5352-18x10.jpeg 18w\" sizes=\"(max-width: 640px) 100vw, 640px\" \/><br \/>\nO deputado federal Keniston Braga (MDB-PA) recebeu, em Bras\u00edlia, a reitora da Universidade Federal Rural da Amaz\u00f4nia, Janae Gon\u00e7alves, acompanhada de uma equipe t\u00e9cnica, para tratar dos desafios estruturais do campus de Parauapebas.<\/p>\n<p data-start=\"234\" data-end=\"563\">Durante o encontro, foram discutidas demandas relacionadas \u00e0 infraestrutura da unidade, incluindo a necessidade de manuten\u00e7\u00e3o em salas de aula, melhorias em laborat\u00f3rios e adequa\u00e7\u00e3o de espa\u00e7os acad\u00eamicos. As dificuldades j\u00e1 vinham sendo relatadas por estudantes e servidores, com impactos diretos no funcionamento das atividades.<\/p>\n<p data-start=\"565\" data-end=\"845\">Como encaminhamento, o parlamentar anunciou a destina\u00e7\u00e3o de R$ 500 mil em emendas para apoiar a manuten\u00e7\u00e3o e a melhoria da estrutura do campus. A demanda havia sido apresentada anteriormente por alunos do curso de Farm\u00e1cia, que apontaram problemas estruturais e solicitaram apoio.<\/p>\n<p data-start=\"847\" data-end=\"1237\">\u201cEduca\u00e7\u00e3o \u00e9 prioridade. Hoje, recebi a reitora da UFRA e sua equipe para falar sobre os desafios do campus de Parauapebas. A gente j\u00e1 conhece essa realidade e sabe o quanto \u00e9 urgente agir. Assumi o compromisso de destinar R$ 500 mil em emendas para ajudar na manuten\u00e7\u00e3o e melhoria da estrutura da universidade. A UFRA \u00e9 essencial ao desenvolvimento da nossa regi\u00e3o\u201d, afirmou Keniston Braga.<\/p>\n<p data-start=\"1239\" data-end=\"1545\">A reitora destacou a import\u00e2ncia do apoio institucional e a expectativa de avan\u00e7os. \u201cHoje \u00e9 um dia muito feliz. Viemos esperan\u00e7osos, representando toda a comunidade da UFRA de Parauapebas. Esse olhar para a educa\u00e7\u00e3o transforma vidas e transforma a regi\u00e3o. Daqui para frente, n\u00f3s vamos estar juntos\u201d, disse.<\/p>\n<p data-start=\"1547\" data-end=\"1879\">O campus da UFRA em Parauapebas atende estudantes de diferentes munic\u00edpios do sudeste do Par\u00e1, com cursos voltados \u00e0 forma\u00e7\u00e3o em \u00e1reas estrat\u00e9gicas para o desenvolvimento regional. A expectativa \u00e9 que os recursos sejam aplicados em a\u00e7\u00f5es de manuten\u00e7\u00e3o predial, recupera\u00e7\u00e3o de ambientes acad\u00eamicos e melhoria das condi\u00e7\u00f5es de ensino.<\/p>\n<p data-start=\"1881\" data-end=\"2075\" data-is-last-node=\"\" data-is-only-node=\"\">Ao final, o deputado refor\u00e7ou o compromisso com a educa\u00e7\u00e3o p\u00fablica. \u201cInvestir na UFRA \u00e9 investir no futuro de muita gente. Seguimos juntos, trabalhando por Parauapebas, pelo Par\u00e1 e pelo Brasil.\u201d<\/p>\n","protected":false},"excerpt":{"rendered":"<p>O deputado federal Keniston Braga (MDB-PA) recebeu, em Bras\u00edlia, a reitora da Universidade Federal Rural da Amaz\u00f4nia, Janae<\/p>\n","protected":false},"author":1,"featured_media":2065,"comment_status":"open","ping_status":"open","sticky":false,"template":"","format":"standard","meta":{"_jetpack_memberships_contains_paid_content":false,"footnotes":""},"categories":[18],"tags":[],"class_list":["post-2064","post","type-post","status-publish","format-standard","has-post-thumbnail","hentry","category-politica-2"],"jetpack_featured_media_url":"https:\/\/oparauapebense.com.br\/wp-content\/uploads\/2026\/04\/IMG_5351-scaled.jpeg","jetpack_sharing_enabled":true,"_links":{"self":[{"href":"https:\/\/oparauapebense.com.br\/pt_br\/wp-json\/wp\/v2\/posts\/2064","targetHints":{"allow":["GET"]}}],"collection":[{"href":"https:\/\/oparauapebense.com.br\/pt_br\/wp-json\/wp\/v2\/posts"}],"about":[{"href":"https:\/\/oparauapebense.com.br\/pt_br\/wp-json\/wp\/v2\/types\/post"}],"author":[{"embeddable":true,"href":"https:\/\/oparauapebense.com.br\/pt_br\/wp-json\/wp\/v2\/users\/1"}],"replies":[{"embeddable":true,"href":"https:\/\/oparauapebense.com.br\/pt_br\/wp-json\/wp\/v2\/comments?post=2064"}],"version-history":[{"count":1,"href":"https:\/\/oparauapebense.com.br\/pt_br\/wp-json\/wp\/v2\/posts\/2064\/revisions"}],"predecessor-version":[{"id":2067,"href":"https:\/\/oparauapebense.com.br\/pt_br\/wp-json\/wp\/v2\/posts\/2064\/revisions\/2067"}],"wp:featuredmedia":[{"embeddable":true,"href":"https:\/\/oparauapebense.com.br\/pt_br\/wp-json\/wp\/v2\/media\/2065"}],"wp:attachment":[{"href":"https:\/\/oparauapebense.com.br\/pt_br\/wp-json\/wp\/v2\/media?parent=2064"}],"wp:term":[{"taxonomy":"category","embeddable":true,"href":"https:\/\/oparauapebense.com.br\/pt_br\/wp-json\/wp\/v2\/categories?post=2064"},{"taxonomy":"post_tag","embeddable":true,"href":"https:\/\/oparauapebense.com.br\/pt_br\/wp-json\/wp\/v2\/tags?post=2064"}],"curies":[{"name":"wp","href":"https:\/\/api.w.org\/{rel}","templated":true}]}}