{"id":2329,"date":"2026-09-04T10:48:52","date_gmt":"2026-09-04T13:48:52","guid":{"rendered":"https:\/\/oparauapebense.com.br\/?p=2329"},"modified":"2026-09-04T10:48:52","modified_gmt":"2026-09-04T13:48:52","slug":"parauapebas-ganhara-primeiro-nucleo-regional-do-iterpa-na-gestao-da-governadora-hana","status":"publish","type":"post","link":"https:\/\/oparauapebense.com.br\/pt_br\/2026\/09\/04\/parauapebas-ganhara-primeiro-nucleo-regional-do-iterpa-na-gestao-da-governadora-hana\/","title":{"rendered":"PARAUAPEBAS GANHAR\u00c1 PRIMEIRO N\u00daCLEO REGIONAL DO ITERPA NA GEST\u00c3O DA GOVERNADORA HANA"},"content":{"rendered":"<p><img fetchpriority=\"high\" decoding=\"async\" class=\"aligncenter wp-image-2330 size-large\" src=\"https:\/\/oparauapebense.com.br\/wp-content\/uploads\/2026\/09\/91fa6e17-d62c-49fc-a504-745cadbdd5a0-819x1024.jpeg\" alt=\"\" width=\"640\" height=\"800\" srcset=\"https:\/\/oparauapebense.com.br\/wp-content\/uploads\/2026\/09\/91fa6e17-d62c-49fc-a504-745cadbdd5a0-819x1024.jpeg 819w, https:\/\/oparauapebense.com.br\/wp-content\/uploads\/2026\/09\/91fa6e17-d62c-49fc-a504-745cadbdd5a0-240x300.jpeg 240w, https:\/\/oparauapebense.com.br\/wp-content\/uploads\/2026\/09\/91fa6e17-d62c-49fc-a504-745cadbdd5a0-768x960.jpeg 768w, https:\/\/oparauapebense.com.br\/wp-content\/uploads\/2026\/09\/91fa6e17-d62c-49fc-a504-745cadbdd5a0-10x12.jpeg 10w, https:\/\/oparauapebense.com.br\/wp-content\/uploads\/2026\/09\/91fa6e17-d62c-49fc-a504-745cadbdd5a0-1024x1280.jpeg 1024w, https:\/\/oparauapebense.com.br\/wp-content\/uploads\/2026\/09\/91fa6e17-d62c-49fc-a504-745cadbdd5a0.jpeg 1080w\" sizes=\"(max-width: 640px) 100vw, 640px\" \/><br \/>\nEm meio ao aquecido cen\u00e1rio eleitoral, nomes de peso na pol\u00edtica local confirmam que o presidente do ITERPA, Bruno Kono, articulado com o secret\u00e1rio de Meio Ambiente, Raul Prot\u00e1zio, anunciou a instala\u00e7\u00e3o do primeiro N\u00facleo Regional do instituto em Parauapebas.<\/p>\n<p>A novidade traz al\u00edvio para a popula\u00e7\u00e3o rural de Parauapebas e de munic\u00edpios vizinhos na Regi\u00e3o de Caraj\u00e1s. Com a estrutura local, o produtor n\u00e3o precisar\u00e1 mais aguardar a vinda de equipes da capital para ter acesso a pol\u00edticas p\u00fablicas essenciais de regulariza\u00e7\u00e3o fundi\u00e1ria urbana e rural. A descentraliza\u00e7\u00e3o facilita a emiss\u00e3o de t\u00edtulos de terra e otimiza parcerias com \u00f3rg\u00e3os como a Emater, garantindo acesso facilitado a cr\u00e9dito rural, assist\u00eancia t\u00e9cnica, aposentadoria especial e programas federais como o PAA (Programa de Aquisi\u00e7\u00e3o de Alimentos) e o PNAE (Programa Nacional de Alimenta\u00e7\u00e3o Escolar).<\/p>\n<p>A consolida\u00e7\u00e3o do n\u00facleo em Parauapebas refor\u00e7a a presen\u00e7a do Governo de Hana Ghassan na regi\u00e3o, demonstrando aten\u00e7\u00e3o \u00e0s demandas hist\u00f3ricas do interior do Estado. A medida representa um movimento estrat\u00e9gico importante da atual governadora e candidata \u00e0 reelei\u00e7\u00e3o.<\/p>\n","protected":false},"excerpt":{"rendered":"<p>Em meio ao aquecido cen\u00e1rio eleitoral, nomes de peso na pol\u00edtica local confirmam que o presidente do ITERPA,<\/p>\n","protected":false},"author":1,"featured_media":2330,"comment_status":"open","ping_status":"open","sticky":false,"template":"","format":"standard","meta":{"_jetpack_newsletter_access":"","_jetpack_dont_email_post_to_subs":false,"_jetpack_newsletter_tier_id":0,"_jetpack_memberships_contains_paywalled_content":false,"_jetpack_memberships_contains_paid_content":false,"footnotes":""},"categories":[16],"tags":[],"class_list":["post-2329","post","type-post","status-publish","format-standard","has-post-thumbnail","hentry","category-parauapebas"],"jetpack_sharing_enabled":true,"jetpack_featured_media_url":"https:\/\/oparauapebense.com.br\/wp-content\/uploads\/2026\/09\/91fa6e17-d62c-49fc-a504-745cadbdd5a0.jpeg","_links":{"self":[{"href":"https:\/\/oparauapebense.com.br\/pt_br\/wp-json\/wp\/v2\/posts\/2329","targetHints":{"allow":["GET"]}}],"collection":[{"href":"https:\/\/oparauapebense.com.br\/pt_br\/wp-json\/wp\/v2\/posts"}],"about":[{"href":"https:\/\/oparauapebense.com.br\/pt_br\/wp-json\/wp\/v2\/types\/post"}],"author":[{"embeddable":true,"href":"https:\/\/oparauapebense.com.br\/pt_br\/wp-json\/wp\/v2\/users\/1"}],"replies":[{"embeddable":true,"href":"https:\/\/oparauapebense.com.br\/pt_br\/wp-json\/wp\/v2\/comments?post=2329"}],"version-history":[{"count":1,"href":"https:\/\/oparauapebense.com.br\/pt_br\/wp-json\/wp\/v2\/posts\/2329\/revisions"}],"predecessor-version":[{"id":2331,"href":"https:\/\/oparauapebense.com.br\/pt_br\/wp-json\/wp\/v2\/posts\/2329\/revisions\/2331"}],"wp:featuredmedia":[{"embeddable":true,"href":"https:\/\/oparauapebense.com.br\/pt_br\/wp-json\/wp\/v2\/media\/2330"}],"wp:attachment":[{"href":"https:\/\/oparauapebense.com.br\/pt_br\/wp-json\/wp\/v2\/media?parent=2329"}],"wp:term":[{"taxonomy":"category","embeddable":true,"href":"https:\/\/oparauapebense.com.br\/pt_br\/wp-json\/wp\/v2\/categories?post=2329"},{"taxonomy":"post_tag","embeddable":true,"href":"https:\/\/oparauapebense.com.br\/pt_br\/wp-json\/wp\/v2\/tags?post=2329"}],"curies":[{"name":"wp","href":"https:\/\/api.w.org\/{rel}","templated":true}]}}